{"id":565,"date":"2017-10-17T02:11:57","date_gmt":"2017-10-17T00:11:57","guid":{"rendered":"https:\/\/ainaf.com\/montreal\/?p=565"},"modified":"2017-10-17T02:13:10","modified_gmt":"2017-10-17T00:13:10","slug":"soiree-c-r-i-16-octobre-2017","status":"publish","type":"post","link":"https:\/\/ainaf.com\/montreal\/soiree-c-r-i-16-octobre-2017\/","title":{"rendered":"La soir\u00e9e C.R.I du 16 octobre 2017"},"content":{"rendered":"<p>[et_pb_section admin_label=\u00a0\u00bbsection\u00a0\u00bb][et_pb_row admin_label=\u00a0\u00bbrow\u00a0\u00bb][et_pb_column type=\u00a0\u00bb1_3&Prime;][et_pb_gallery admin_label=\u00a0\u00bbGalerie\u00a0\u00bb gallery_ids=\u00a0\u00bb566,560,567&Prime; fullwidth=\u00a0\u00bbon\u00a0\u00bb orientation=\u00a0\u00bblandscape\u00a0\u00bb show_title_and_caption=\u00a0\u00bbon\u00a0\u00bb show_pagination=\u00a0\u00bboff\u00a0\u00bb background_layout=\u00a0\u00bblight\u00a0\u00bb auto=\u00a0\u00bbon\u00a0\u00bb auto_speed=\u00a0\u00bb3000&Prime; hover_overlay_color=\u00a0\u00bbrgba(255,255,255,0.9)\u00a0\u00bb use_border_color=\u00a0\u00bboff\u00a0\u00bb border_color=\u00a0\u00bb#ffffff\u00a0\u00bb border_style=\u00a0\u00bbsolid\u00a0\u00bb \/][\/et_pb_column][et_pb_column type=\u00a0\u00bb2_3&Prime;][et_pb_text admin_label=\u00a0\u00bbTexte\u00a0\u00bb background_layout=\u00a0\u00bblight\u00a0\u00bb text_orientation=\u00a0\u00bbleft\u00a0\u00bb use_border_color=\u00a0\u00bboff\u00a0\u00bb border_color=\u00a0\u00bb#ffffff\u00a0\u00bb border_style=\u00a0\u00bbsolid\u00a0\u00bb]<\/p>\n<div id=\"js_103\" class=\"_5pbx userContent _3576\" data-ft=\"{&quot;tn&quot;:&quot;K&quot;}\">\n<div id=\"id_59e548710dfdd1800844018\" class=\"text_exposed_root text_exposed\">\n<p>Les conseils de Florence Roisin-Van Loon (grande voyageuse, originaire de Belgique) :<br \/>\n&#8211; \u00ab\u00a0Ici au Qu\u00e9bec, c&rsquo;est au caf\u00e9 que l&rsquo;on rencontre les gens, pas vraiment en s&rsquo;invitant \u00e0 diner les uns chez les autres\u00a0\u00bb<br \/>\n&#8211; \u00ab\u00a0Mon meilleur conseil pour vivre au Qu\u00e9bec ? Epouser l&rsquo;hiver !\u00a0\u00bb\u00a0<span class=\"_5mfr _47e3\"><img loading=\"lazy\" decoding=\"async\" class=\"img\" role=\"presentation\" src=\"https:\/\/static.xx.fbcdn.net\/images\/emoji.php\/v9\/ff2\/2\/16\/1f605.png\" alt=\"\" width=\"16\" height=\"16\" \/><\/span><br \/>\n&#8211; \u00ab\u00a0Aller \u00e0 la d\u00e9couverte du Qu\u00e9bec par des romans, comme La trilogie de Marie Labr\u00e8che. Voir les spectacles. Il faut employer la culture pour comprendre les pays dans lesquels on s&rsquo;installe.\u00a0\u00bb<br \/>\n&#8211; \u00ab\u00a0J&rsquo;aime me<span class=\"text_exposed_show\">\u00a0nourrir de la gentillesse et de la bienveillance des Qu\u00e9becois.\u00a0\u00bb<br \/>\n&#8211; \u00ab\u00a0Comme femme entrepreneuse on se sent soutenue, on m&rsquo;a donn\u00e9 de opportunit\u00e9s. On peut se tromper et se relever.\u00a0\u00bb<br \/>\n&#8211; \u00ab\u00a0On sort de sa zone de confort, et c&rsquo;est l\u00e0 qu&rsquo;on peut avoir un d\u00e9veloppement profond. Exploitez cette zone d&rsquo;apprentissage pour cr\u00e9er un projet qui vous tient \u00e0 coeur\u00a0\u00bb<\/span><\/p>\n<\/div>\n<\/div>\n<div class=\"_3x-2\"><\/div>\n<p>[\/et_pb_text][\/et_pb_column][\/et_pb_row][\/et_pb_section]<\/p>\n<span class=\"et_bloom_bottom_trigger\"><\/span>","protected":false},"excerpt":{"rendered":"<p>Les conseils de Florence Roisin-Van Loon (grande voyageuse, originaire de Belgique) : &#8211; \u00ab\u00a0Ici au Qu\u00e9bec, c&rsquo;est au caf\u00e9 que l&rsquo;on rencontre les gens, pas vraiment en s&rsquo;invitant \u00e0 diner les uns chez les autres\u00a0\u00bb &#8211; \u00ab\u00a0Mon meilleur conseil pour vivre au Qu\u00e9bec ? Epouser l&rsquo;hiver !\u00a0\u00bb\u00a0 &#8211; \u00ab\u00a0Aller \u00e0 la d\u00e9couverte du Qu\u00e9bec par [&hellip;]<\/p>\n","protected":false},"author":1,"featured_media":567,"comment_status":"open","ping_status":"open","sticky":false,"template":"","format":"standard","meta":{"_et_pb_use_builder":"on","_et_pb_old_content":"","_et_gb_content_width":"","content-type":"","footnotes":""},"categories":[12,36],"tags":[],"class_list":["post-565","post","type-post","status-publish","format-standard","has-post-thumbnail","hentry","category-soirees-c-r-i","category-evenement"],"yoast_head":"<!-- This site is optimized with the Yoast SEO plugin v27.5 - https:\/\/yoast.com\/product\/yoast-seo-wordpress\/ -->\n<title>La soir\u00e9e C.R.I du 16 octobre 2017 - AINAF MONTREAL<\/title>\n<meta name=\"robots\" content=\"index, follow, max-snippet:-1, max-image-preview:large, max-video-preview:-1\" \/>\n<link rel=\"canonical\" href=\"https:\/\/ainaf.com\/montreal\/soiree-c-r-i-16-octobre-2017\/\" \/>\n<meta property=\"og:locale\" content=\"fr_FR\" \/>\n<meta property=\"og:type\" content=\"article\" \/>\n<meta property=\"og:title\" content=\"La soir\u00e9e C.R.I du 16 octobre 2017 - AINAF MONTREAL\" \/>\n<meta property=\"og:description\" content=\"Les conseils de Florence Roisin-Van Loon (grande voyageuse, originaire de Belgique) : - &quot;Ici au Qu\u00e9bec, c&#039;est au caf\u00e9 que l&#039;on rencontre les gens, pas vraiment en s&#039;invitant \u00e0 diner les uns chez les autres&quot; - &quot;Mon meilleur conseil pour vivre au Qu\u00e9bec ? Epouser l&#039;hiver !&quot;\u00a0 - &quot;Aller \u00e0 la d\u00e9couverte du Qu\u00e9bec par [&hellip;]\" \/>\n<meta property=\"og:url\" content=\"https:\/\/ainaf.com\/montreal\/soiree-c-r-i-16-octobre-2017\/\" \/>\n<meta property=\"og:site_name\" content=\"AINAF MONTREAL\" \/>\n<meta property=\"article:publisher\" content=\"https:\/\/www.facebook.com\/Ainaf.mtl\/\" \/>\n<meta property=\"article:published_time\" content=\"2017-10-17T00:11:57+00:00\" \/>\n<meta property=\"article:modified_time\" content=\"2017-10-17T00:13:10+00:00\" \/>\n<meta property=\"og:image\" content=\"https:\/\/i0.wp.com\/ainaf.com\/montreal\/wp-content\/uploads\/sites\/2\/2017\/10\/22365288_1850143425315670_4932889964099854749_n.jpg?fit=278%2C278&ssl=1\" \/>\n\t<meta property=\"og:image:width\" content=\"278\" \/>\n\t<meta property=\"og:image:height\" content=\"278\" \/>\n\t<meta property=\"og:image:type\" content=\"image\/jpeg\" \/>\n<meta name=\"author\" content=\"Ainaf\" \/>\n<meta name=\"twitter:card\" content=\"summary_large_image\" \/>\n<meta name=\"twitter:creator\" content=\"@Ainaf_mtl\" \/>\n<meta name=\"twitter:site\" content=\"@Ainaf_mtl\" \/>\n<meta name=\"twitter:label1\" content=\"\u00c9crit par\" \/>\n\t<meta name=\"twitter:data1\" content=\"Ainaf\" \/>\n\t<meta name=\"twitter:label2\" content=\"Dur\u00e9e de lecture estim\u00e9e\" \/>\n\t<meta name=\"twitter:data2\" content=\"1 minute\" \/>\n<script type=\"application\/ld+json\" class=\"yoast-schema-graph\">{\"@context\":\"https:\\\/\\\/schema.org\",\"@graph\":[{\"@type\":\"Article\",\"@id\":\"https:\\\/\\\/ainaf.com\\\/montreal\\\/soiree-c-r-i-16-octobre-2017\\\/#article\",\"isPartOf\":{\"@id\":\"https:\\\/\\\/ainaf.com\\\/montreal\\\/soiree-c-r-i-16-octobre-2017\\\/\"},\"author\":{\"name\":\"Ainaf\",\"@id\":\"https:\\\/\\\/ainaf.com\\\/montreal\\\/#\\\/schema\\\/person\\\/83b25b98816b88f2e0f191b37319c97a\"},\"headline\":\"La soir\u00e9e C.R.I du 16 octobre 2017\",\"datePublished\":\"2017-10-17T00:11:57+00:00\",\"dateModified\":\"2017-10-17T00:13:10+00:00\",\"mainEntityOfPage\":{\"@id\":\"https:\\\/\\\/ainaf.com\\\/montreal\\\/soiree-c-r-i-16-octobre-2017\\\/\"},\"wordCount\":251,\"commentCount\":0,\"publisher\":{\"@id\":\"https:\\\/\\\/ainaf.com\\\/montreal\\\/#organization\"},\"image\":{\"@id\":\"https:\\\/\\\/ainaf.com\\\/montreal\\\/soiree-c-r-i-16-octobre-2017\\\/#primaryimage\"},\"thumbnailUrl\":\"https:\\\/\\\/ainaf.com\\\/montreal\\\/wp-content\\\/uploads\\\/sites\\\/2\\\/2017\\\/10\\\/22365288_1850143425315670_4932889964099854749_n.jpg\",\"articleSection\":[\"Soir\u00e9es C.R.I\",\"Ev\u00e9nements de l'Ainaf\"],\"inLanguage\":\"fr-FR\",\"potentialAction\":[{\"@type\":\"CommentAction\",\"name\":\"Comment\",\"target\":[\"https:\\\/\\\/ainaf.com\\\/montreal\\\/soiree-c-r-i-16-octobre-2017\\\/#respond\"]}]},{\"@type\":\"WebPage\",\"@id\":\"https:\\\/\\\/ainaf.com\\\/montreal\\\/soiree-c-r-i-16-octobre-2017\\\/\",\"url\":\"https:\\\/\\\/ainaf.com\\\/montreal\\\/soiree-c-r-i-16-octobre-2017\\\/\",\"name\":\"La soir\u00e9e C.R.I du 16 octobre 2017 - AINAF MONTREAL\",\"isPartOf\":{\"@id\":\"https:\\\/\\\/ainaf.com\\\/montreal\\\/#website\"},\"primaryImageOfPage\":{\"@id\":\"https:\\\/\\\/ainaf.com\\\/montreal\\\/soiree-c-r-i-16-octobre-2017\\\/#primaryimage\"},\"image\":{\"@id\":\"https:\\\/\\\/ainaf.com\\\/montreal\\\/soiree-c-r-i-16-octobre-2017\\\/#primaryimage\"},\"thumbnailUrl\":\"https:\\\/\\\/ainaf.com\\\/montreal\\\/wp-content\\\/uploads\\\/sites\\\/2\\\/2017\\\/10\\\/22365288_1850143425315670_4932889964099854749_n.jpg\",\"datePublished\":\"2017-10-17T00:11:57+00:00\",\"dateModified\":\"2017-10-17T00:13:10+00:00\",\"breadcrumb\":{\"@id\":\"https:\\\/\\\/ainaf.com\\\/montreal\\\/soiree-c-r-i-16-octobre-2017\\\/#breadcrumb\"},\"inLanguage\":\"fr-FR\",\"potentialAction\":[{\"@type\":\"ReadAction\",\"target\":[\"https:\\\/\\\/ainaf.com\\\/montreal\\\/soiree-c-r-i-16-octobre-2017\\\/\"]}]},{\"@type\":\"ImageObject\",\"inLanguage\":\"fr-FR\",\"@id\":\"https:\\\/\\\/ainaf.com\\\/montreal\\\/soiree-c-r-i-16-octobre-2017\\\/#primaryimage\",\"url\":\"https:\\\/\\\/ainaf.com\\\/montreal\\\/wp-content\\\/uploads\\\/sites\\\/2\\\/2017\\\/10\\\/22365288_1850143425315670_4932889964099854749_n.jpg\",\"contentUrl\":\"https:\\\/\\\/ainaf.com\\\/montreal\\\/wp-content\\\/uploads\\\/sites\\\/2\\\/2017\\\/10\\\/22365288_1850143425315670_4932889964099854749_n.jpg\",\"width\":278,\"height\":278},{\"@type\":\"BreadcrumbList\",\"@id\":\"https:\\\/\\\/ainaf.com\\\/montreal\\\/soiree-c-r-i-16-octobre-2017\\\/#breadcrumb\",\"itemListElement\":[{\"@type\":\"ListItem\",\"position\":1,\"name\":\"Accueil\",\"item\":\"https:\\\/\\\/ainaf.com\\\/montreal\\\/\"},{\"@type\":\"ListItem\",\"position\":2,\"name\":\"La soir\u00e9e C.R.I du 16 octobre 2017\"}]},{\"@type\":\"WebSite\",\"@id\":\"https:\\\/\\\/ainaf.com\\\/montreal\\\/#website\",\"url\":\"https:\\\/\\\/ainaf.com\\\/montreal\\\/\",\"name\":\"AINAF CANADA\",\"description\":\"Aide \u00e0 l&#039;int\u00e9gration des nouveaux arrivants francophones\",\"publisher\":{\"@id\":\"https:\\\/\\\/ainaf.com\\\/montreal\\\/#organization\"},\"potentialAction\":[{\"@type\":\"SearchAction\",\"target\":{\"@type\":\"EntryPoint\",\"urlTemplate\":\"https:\\\/\\\/ainaf.com\\\/montreal\\\/?s={search_term_string}\"},\"query-input\":{\"@type\":\"PropertyValueSpecification\",\"valueRequired\":true,\"valueName\":\"search_term_string\"}}],\"inLanguage\":\"fr-FR\"},{\"@type\":\"Organization\",\"@id\":\"https:\\\/\\\/ainaf.com\\\/montreal\\\/#organization\",\"name\":\"AINAF\",\"url\":\"https:\\\/\\\/ainaf.com\\\/montreal\\\/\",\"logo\":{\"@type\":\"ImageObject\",\"inLanguage\":\"fr-FR\",\"@id\":\"https:\\\/\\\/ainaf.com\\\/montreal\\\/#\\\/schema\\\/logo\\\/image\\\/\",\"url\":\"https:\\\/\\\/i1.wp.com\\\/ainaf.com\\\/montreal\\\/wp-content\\\/uploads\\\/sites\\\/2\\\/2017\\\/08\\\/Logo_ainaf.png?fit=700%2C453&ssl=1\",\"contentUrl\":\"https:\\\/\\\/i1.wp.com\\\/ainaf.com\\\/montreal\\\/wp-content\\\/uploads\\\/sites\\\/2\\\/2017\\\/08\\\/Logo_ainaf.png?fit=700%2C453&ssl=1\",\"width\":700,\"height\":453,\"caption\":\"AINAF\"},\"image\":{\"@id\":\"https:\\\/\\\/ainaf.com\\\/montreal\\\/#\\\/schema\\\/logo\\\/image\\\/\"},\"sameAs\":[\"https:\\\/\\\/www.facebook.com\\\/Ainaf.mtl\\\/\",\"https:\\\/\\\/x.com\\\/Ainaf_mtl\",\"https:\\\/\\\/www.linkedin.com\\\/company\\\/ainaf\"]},{\"@type\":\"Person\",\"@id\":\"https:\\\/\\\/ainaf.com\\\/montreal\\\/#\\\/schema\\\/person\\\/83b25b98816b88f2e0f191b37319c97a\",\"name\":\"Ainaf\",\"image\":{\"@type\":\"ImageObject\",\"inLanguage\":\"fr-FR\",\"@id\":\"https:\\\/\\\/secure.gravatar.com\\\/avatar\\\/e68850e6f2c1def7da50c322329f4fbae50da37c36037b82ba85110702449ff1?s=96&d=mm&r=g\",\"url\":\"https:\\\/\\\/secure.gravatar.com\\\/avatar\\\/e68850e6f2c1def7da50c322329f4fbae50da37c36037b82ba85110702449ff1?s=96&d=mm&r=g\",\"contentUrl\":\"https:\\\/\\\/secure.gravatar.com\\\/avatar\\\/e68850e6f2c1def7da50c322329f4fbae50da37c36037b82ba85110702449ff1?s=96&d=mm&r=g\",\"caption\":\"Ainaf\"},\"url\":\"https:\\\/\\\/ainaf.com\\\/montreal\\\/author\\\/thesuperadminainaf\\\/\"}]}<\/script>\n<!-- \/ Yoast SEO plugin. -->","yoast_head_json":{"title":"La soir\u00e9e C.R.I du 16 octobre 2017 - AINAF MONTREAL","robots":{"index":"index","follow":"follow","max-snippet":"max-snippet:-1","max-image-preview":"max-image-preview:large","max-video-preview":"max-video-preview:-1"},"canonical":"https:\/\/ainaf.com\/montreal\/soiree-c-r-i-16-octobre-2017\/","og_locale":"fr_FR","og_type":"article","og_title":"La soir\u00e9e C.R.I du 16 octobre 2017 - AINAF MONTREAL","og_description":"Les conseils de Florence Roisin-Van Loon (grande voyageuse, originaire de Belgique) : - \"Ici au Qu\u00e9bec, c'est au caf\u00e9 que l'on rencontre les gens, pas vraiment en s'invitant \u00e0 diner les uns chez les autres\" - \"Mon meilleur conseil pour vivre au Qu\u00e9bec ? Epouser l'hiver !\"\u00a0 - \"Aller \u00e0 la d\u00e9couverte du Qu\u00e9bec par [&hellip;]","og_url":"https:\/\/ainaf.com\/montreal\/soiree-c-r-i-16-octobre-2017\/","og_site_name":"AINAF MONTREAL","article_publisher":"https:\/\/www.facebook.com\/Ainaf.mtl\/","article_published_time":"2017-10-17T00:11:57+00:00","article_modified_time":"2017-10-17T00:13:10+00:00","og_image":[{"width":278,"height":278,"url":"https:\/\/i0.wp.com\/ainaf.com\/montreal\/wp-content\/uploads\/sites\/2\/2017\/10\/22365288_1850143425315670_4932889964099854749_n.jpg?fit=278%2C278&ssl=1","type":"image\/jpeg"}],"author":"Ainaf","twitter_card":"summary_large_image","twitter_creator":"@Ainaf_mtl","twitter_site":"@Ainaf_mtl","twitter_misc":{"\u00c9crit par":"Ainaf","Dur\u00e9e de lecture estim\u00e9e":"1 minute"},"schema":{"@context":"https:\/\/schema.org","@graph":[{"@type":"Article","@id":"https:\/\/ainaf.com\/montreal\/soiree-c-r-i-16-octobre-2017\/#article","isPartOf":{"@id":"https:\/\/ainaf.com\/montreal\/soiree-c-r-i-16-octobre-2017\/"},"author":{"name":"Ainaf","@id":"https:\/\/ainaf.com\/montreal\/#\/schema\/person\/83b25b98816b88f2e0f191b37319c97a"},"headline":"La soir\u00e9e C.R.I du 16 octobre 2017","datePublished":"2017-10-17T00:11:57+00:00","dateModified":"2017-10-17T00:13:10+00:00","mainEntityOfPage":{"@id":"https:\/\/ainaf.com\/montreal\/soiree-c-r-i-16-octobre-2017\/"},"wordCount":251,"commentCount":0,"publisher":{"@id":"https:\/\/ainaf.com\/montreal\/#organization"},"image":{"@id":"https:\/\/ainaf.com\/montreal\/soiree-c-r-i-16-octobre-2017\/#primaryimage"},"thumbnailUrl":"https:\/\/ainaf.com\/montreal\/wp-content\/uploads\/sites\/2\/2017\/10\/22365288_1850143425315670_4932889964099854749_n.jpg","articleSection":["Soir\u00e9es C.R.I","Ev\u00e9nements de l'Ainaf"],"inLanguage":"fr-FR","potentialAction":[{"@type":"CommentAction","name":"Comment","target":["https:\/\/ainaf.com\/montreal\/soiree-c-r-i-16-octobre-2017\/#respond"]}]},{"@type":"WebPage","@id":"https:\/\/ainaf.com\/montreal\/soiree-c-r-i-16-octobre-2017\/","url":"https:\/\/ainaf.com\/montreal\/soiree-c-r-i-16-octobre-2017\/","name":"La soir\u00e9e C.R.I du 16 octobre 2017 - AINAF MONTREAL","isPartOf":{"@id":"https:\/\/ainaf.com\/montreal\/#website"},"primaryImageOfPage":{"@id":"https:\/\/ainaf.com\/montreal\/soiree-c-r-i-16-octobre-2017\/#primaryimage"},"image":{"@id":"https:\/\/ainaf.com\/montreal\/soiree-c-r-i-16-octobre-2017\/#primaryimage"},"thumbnailUrl":"https:\/\/ainaf.com\/montreal\/wp-content\/uploads\/sites\/2\/2017\/10\/22365288_1850143425315670_4932889964099854749_n.jpg","datePublished":"2017-10-17T00:11:57+00:00","dateModified":"2017-10-17T00:13:10+00:00","breadcrumb":{"@id":"https:\/\/ainaf.com\/montreal\/soiree-c-r-i-16-octobre-2017\/#breadcrumb"},"inLanguage":"fr-FR","potentialAction":[{"@type":"ReadAction","target":["https:\/\/ainaf.com\/montreal\/soiree-c-r-i-16-octobre-2017\/"]}]},{"@type":"ImageObject","inLanguage":"fr-FR","@id":"https:\/\/ainaf.com\/montreal\/soiree-c-r-i-16-octobre-2017\/#primaryimage","url":"https:\/\/ainaf.com\/montreal\/wp-content\/uploads\/sites\/2\/2017\/10\/22365288_1850143425315670_4932889964099854749_n.jpg","contentUrl":"https:\/\/ainaf.com\/montreal\/wp-content\/uploads\/sites\/2\/2017\/10\/22365288_1850143425315670_4932889964099854749_n.jpg","width":278,"height":278},{"@type":"BreadcrumbList","@id":"https:\/\/ainaf.com\/montreal\/soiree-c-r-i-16-octobre-2017\/#breadcrumb","itemListElement":[{"@type":"ListItem","position":1,"name":"Accueil","item":"https:\/\/ainaf.com\/montreal\/"},{"@type":"ListItem","position":2,"name":"La soir\u00e9e C.R.I du 16 octobre 2017"}]},{"@type":"WebSite","@id":"https:\/\/ainaf.com\/montreal\/#website","url":"https:\/\/ainaf.com\/montreal\/","name":"AINAF CANADA","description":"Aide \u00e0 l&#039;int\u00e9gration des nouveaux arrivants francophones","publisher":{"@id":"https:\/\/ainaf.com\/montreal\/#organization"},"potentialAction":[{"@type":"SearchAction","target":{"@type":"EntryPoint","urlTemplate":"https:\/\/ainaf.com\/montreal\/?s={search_term_string}"},"query-input":{"@type":"PropertyValueSpecification","valueRequired":true,"valueName":"search_term_string"}}],"inLanguage":"fr-FR"},{"@type":"Organization","@id":"https:\/\/ainaf.com\/montreal\/#organization","name":"AINAF","url":"https:\/\/ainaf.com\/montreal\/","logo":{"@type":"ImageObject","inLanguage":"fr-FR","@id":"https:\/\/ainaf.com\/montreal\/#\/schema\/logo\/image\/","url":"https:\/\/i1.wp.com\/ainaf.com\/montreal\/wp-content\/uploads\/sites\/2\/2017\/08\/Logo_ainaf.png?fit=700%2C453&ssl=1","contentUrl":"https:\/\/i1.wp.com\/ainaf.com\/montreal\/wp-content\/uploads\/sites\/2\/2017\/08\/Logo_ainaf.png?fit=700%2C453&ssl=1","width":700,"height":453,"caption":"AINAF"},"image":{"@id":"https:\/\/ainaf.com\/montreal\/#\/schema\/logo\/image\/"},"sameAs":["https:\/\/www.facebook.com\/Ainaf.mtl\/","https:\/\/x.com\/Ainaf_mtl","https:\/\/www.linkedin.com\/company\/ainaf"]},{"@type":"Person","@id":"https:\/\/ainaf.com\/montreal\/#\/schema\/person\/83b25b98816b88f2e0f191b37319c97a","name":"Ainaf","image":{"@type":"ImageObject","inLanguage":"fr-FR","@id":"https:\/\/secure.gravatar.com\/avatar\/e68850e6f2c1def7da50c322329f4fbae50da37c36037b82ba85110702449ff1?s=96&d=mm&r=g","url":"https:\/\/secure.gravatar.com\/avatar\/e68850e6f2c1def7da50c322329f4fbae50da37c36037b82ba85110702449ff1?s=96&d=mm&r=g","contentUrl":"https:\/\/secure.gravatar.com\/avatar\/e68850e6f2c1def7da50c322329f4fbae50da37c36037b82ba85110702449ff1?s=96&d=mm&r=g","caption":"Ainaf"},"url":"https:\/\/ainaf.com\/montreal\/author\/thesuperadminainaf\/"}]}},"_links":{"self":[{"href":"https:\/\/ainaf.com\/montreal\/wp-json\/wp\/v2\/posts\/565","targetHints":{"allow":["GET"]}}],"collection":[{"href":"https:\/\/ainaf.com\/montreal\/wp-json\/wp\/v2\/posts"}],"about":[{"href":"https:\/\/ainaf.com\/montreal\/wp-json\/wp\/v2\/types\/post"}],"author":[{"embeddable":true,"href":"https:\/\/ainaf.com\/montreal\/wp-json\/wp\/v2\/users\/1"}],"replies":[{"embeddable":true,"href":"https:\/\/ainaf.com\/montreal\/wp-json\/wp\/v2\/comments?post=565"}],"version-history":[{"count":2,"href":"https:\/\/ainaf.com\/montreal\/wp-json\/wp\/v2\/posts\/565\/revisions"}],"predecessor-version":[{"id":569,"href":"https:\/\/ainaf.com\/montreal\/wp-json\/wp\/v2\/posts\/565\/revisions\/569"}],"wp:featuredmedia":[{"embeddable":true,"href":"https:\/\/ainaf.com\/montreal\/wp-json\/wp\/v2\/media\/567"}],"wp:attachment":[{"href":"https:\/\/ainaf.com\/montreal\/wp-json\/wp\/v2\/media?parent=565"}],"wp:term":[{"taxonomy":"category","embeddable":true,"href":"https:\/\/ainaf.com\/montreal\/wp-json\/wp\/v2\/categories?post=565"},{"taxonomy":"post_tag","embeddable":true,"href":"https:\/\/ainaf.com\/montreal\/wp-json\/wp\/v2\/tags?post=565"}],"curies":[{"name":"wp","href":"https:\/\/api.w.org\/{rel}","templated":true}]}}